{"id":192,"date":"2023-04-09T18:16:12","date_gmt":"2023-04-09T18:16:12","guid":{"rendered":"http:\/\/gicosta.com\/?p=192"},"modified":"2023-04-09T22:01:19","modified_gmt":"2023-04-09T22:01:19","slug":"alberto-firme-los-que-me-dejaron-solo-no-pidan-resolver-conmigo","status":"publish","type":"post","link":"https:\/\/gicosta.com\/index.php\/2023\/04\/09\/alberto-firme-los-que-me-dejaron-solo-no-pidan-resolver-conmigo\/","title":{"rendered":"Alberto firme: \u00abLos que me dejaron solo, no pidan resolver conmigo\u00bb"},"content":{"rendered":"\n<h5 class=\"wp-block-heading\"><strong>An\u00e1lisis del M\u00e9todo #50-Entrevista de Rebord al Presidente Alberto Fern\u00e1ndez.<\/strong><\/h5>\n\n\n\n<h6 class=\"wp-block-heading\">Con toda la atenci\u00f3n puesta en su decisi\u00f3n frente a la interna en el Frente de Todos, el Presidente dej\u00f3 frases contundentes dirigidas a sus compa\u00f1eros peronistas. <strong>An\u00e1lisis del Discurso<\/strong>.<\/h6>\n\n\n\n<p><em>Por: Gisselle Costa y Walter Enciso<\/em><\/p>\n\n\n\n<figure class=\"wp-block-image size-large\"><img loading=\"lazy\" decoding=\"async\" width=\"1024\" height=\"492\" src=\"https:\/\/gicosta.com\/wp-content\/uploads\/2023\/04\/af50-1024x492.png\" alt=\"\" class=\"wp-image-193\" srcset=\"https:\/\/gicosta.com\/wp-content\/uploads\/2023\/04\/af50-1024x492.png 1024w, https:\/\/gicosta.com\/wp-content\/uploads\/2023\/04\/af50-300x144.png 300w, https:\/\/gicosta.com\/wp-content\/uploads\/2023\/04\/af50-768x369.png 768w, https:\/\/gicosta.com\/wp-content\/uploads\/2023\/04\/af50-1536x738.png 1536w, https:\/\/gicosta.com\/wp-content\/uploads\/2023\/04\/af50.png 1847w\" sizes=\"auto, (max-width: 1024px) 100vw, 1024px\" \/><figcaption class=\"wp-element-caption\">Alberto Fern\u00e1ndez en el M\u00e9todo Rebord<\/figcaption><\/figure>\n\n\n\n<p><strong>Introducci\u00f3n<\/strong><\/p>\n\n\n\n<p>A d\u00edas de la Cumbre con el Presidente estadounidense Joe Biden,&nbsp; su par argentino, Alberto Fern\u00e1ndez, fue entrevistado por Tom\u00e1s Rebord en lo que fue el M\u00e9todo #50.<\/p>\n\n\n\n<p>Un Presidente cuestionado, con una imagen golpeada por varias crisis durante su mandato y por la interna permanente en el Frente de Todos, liderada nada m\u00e1s y nada menos que por su propia VicePresidenta, era anunciado como el invitado para la noche del 02 de abril.<\/p>\n\n\n\n<p>La figura del Presidente argentino est\u00e1 debilitada. Su poder fue limitado durante los cuatro a\u00f1os por sus socios de coalici\u00f3n, al punto de haberse visto obligado a una reestructuraci\u00f3n del gabinete con condicionamientos en agosto del 2022.<\/p>\n\n\n\n<p>Sin embargo, cuando la esperanza se centr\u00f3 en la suerte de s\u00faper poder que atribu\u00edan a Sergio Massa al frente del Ministerio de Econom\u00eda, como cargo oficial, pero con el t\u00edtulo de Superministro, como lo llamaron al asumir, los n\u00fameros jugaron una mala pasada y el \u00edndice de inflaci\u00f3n qued\u00f3 lejos del 4% que esperaban con su equipo&nbsp; para el primer trimestre del a\u00f1o.<\/p>\n\n\n\n<p>La entrevista como pieza de an\u00e1lisis se centra en tres ejes principales, los cuales ser\u00e1n abordados como objetos discursivos, en torno a los cuales gir\u00f3 la distendida charla entre Rebord y el Presidente: la deuda con el Fondo Monetario Internacional, la herencia de Macri y el peronismo.<\/p>\n\n\n\n<p>En la construcci\u00f3n de los destinatarios, Alberto Fern\u00e1ndez distingue claramente como negativos a la oposici\u00f3n (contradestinatarios), excluyendo de este grupo a los adversarios electorales propios del espacio, de cara a unas internas, ya que los identifica como \u201ccompa\u00f1eros\u201d, \u201cperonistas\u201d, quienes sumados a los simpatizantes de un albertismo que \u00e9l mismo niega que exista, son los prodestinatarios. As\u00ed tambi\u00e9n, emite mensajes destinados a los paradestinatarios, en tanto votantes que cuestionan su gesti\u00f3n y permanecen indecisos.<\/p>\n\n\n\n<p><strong>La deuda con el FMI<\/strong><\/p>\n\n\n\n<p>La entrevista inicia con expresiones del enunciador que refieren a lo que fue la reuni\u00f3n con Biden y otros dirigentes internacionales en los \u00faltimos meses, lo cual fue aprovechado por el mismo para recalcar el frame que sit\u00faa a Argentina como una v\u00edctima de gobiernos pasados, de la crisis a ra\u00edz de la pandemia y de las consecuencias econ\u00f3micas de la guerra contra Ucrania.<\/p>\n\n\n\n<p>Mediante varias repeticiones y con mucho \u00e9nfasis, el Presidente describi\u00f3 la relaci\u00f3n con Biden como emp\u00e1tica y afectuosa, destacando con repeticiones la comparaci\u00f3n que, seg\u00fan asegura, hace Biden entre sus gobiernos:<\/p>\n\n\n\n<p><em>&nbsp;-\u201c\u00c9l dice que \u00e9l y yo tenemos algo en com\u00fan: que heredamos una econom\u00eda desquiciada de quienes nos precedieron en el gobierno y por eso me entiende muy bien\u201d.<\/em><\/p>\n\n\n\n<p><em>-\u201cMe lo recuerda cada vez que me ve y me parece que eso sirve, que a nosotros nos sirve mucho\u201d.<\/em><\/p>\n\n\n\n<p><em>-\u201d\u00c9l tiene muy en claro las similitudes entre Macri y Trump, entiende perfectamente el v\u00ednculo que tuvieron y que tienen, entiende perfectamente que la deuda que tiene Argentina fue una decisi\u00f3n de Trump para ayudar a su amigo Macri\u201d.<\/em><\/p>\n\n\n\n<p>&nbsp;Pero las comparaciones no culminaron all\u00ed, sino que Alberto Fern\u00e1ndez emple\u00f3 el mismo recurso para se\u00f1alar que Argentina y Ucrania son los dos pa\u00edses m\u00e1s endeudados con el FMI y que, por este motivo, solicit\u00f3 en aquella reuni\u00f3n en el Sal\u00f3n Oval de la Casa Blanca, que al igual que a Ucrania, se eliminara la sobretasa a Argentina.<\/p>\n\n\n\n<p>La evaluaci\u00f3n de Fern\u00e1ndez es muy positiva respecto a los objetivos alcanzados en la reuni\u00f3n con el estadounidense, lo cual busca evidenciar en la emoci\u00f3n que demuestra ante las an\u00e9cdotas y los recuerdos que relata:<\/p>\n\n\n\n<p><em>-\u201dFue una buena reuni\u00f3n\u201d<\/em><\/p>\n\n\n\n<p><em>-\u201cUna reuni\u00f3n muy necesaria\u201d.<\/em><\/p>\n\n\n\n<p>Analizando en el contexto y falltando pocos meses para las PASO, el Presidente emite estos mensajes dirigidos a quienes dudan de su gesti\u00f3n, a aquellos indecisos (paradestinatarios) y a quienes cuestionan, especialmente, la gesti\u00f3n econ\u00f3mica y la negociaci\u00f3n con el FMI (internas del FdT), buscando sembrar una esperanza basada en el supuesto apoyo de Biden para mejorar la situaci\u00f3n:<\/p>\n\n\n\n<p>&#8211;<em>\u201cAh\u00ed adelante nuestro dio instrucciones para que se atiendan nuestros problemas\u2026en ese sentido\u201d.<\/em><\/p>\n\n\n\n<div class=\"wp-block-group is-layout-constrained wp-block-group-is-layout-constrained\">\n<div class=\"wp-block-columns is-layout-flex wp-container-core-columns-is-layout-28f84493 wp-block-columns-is-layout-flex\">\n<div class=\"wp-block-column is-layout-flow wp-block-column-is-layout-flow\" style=\"flex-basis:100%\">\n<figure class=\"wp-block-embed is-type-video is-provider-youtube wp-block-embed-youtube wp-embed-aspect-16-9 wp-has-aspect-ratio\"><div class=\"wp-block-embed__wrapper\">\n<iframe loading=\"lazy\" title=\"As\u00ed fue la reuni\u00f3n entre Alberto Fern\u00e1ndez y Joe Biden en la Casa Blanca\" width=\"500\" height=\"281\" src=\"https:\/\/www.youtube.com\/embed\/HHUwPRjLnQE?feature=oembed\" frameborder=\"0\" allow=\"accelerometer; autoplay; clipboard-write; encrypted-media; gyroscope; picture-in-picture; web-share\" referrerpolicy=\"strict-origin-when-cross-origin\" allowfullscreen><\/iframe>\n<\/div><\/figure>\n<\/div>\n<\/div>\n<\/div>\n\n\n\n<p><strong>La pesada herencia: Macri<\/strong><\/p>\n\n\n\n<p>Las referencias a Mauricio Macri hacen parte del relato del gobierno de Alberto Fern\u00e1ndez. Durante varios momentos de la entrevista, el enunciador recuerda que la herencia de Macri y <em>\u201cla inflaci\u00f3n del 54% de Macri<\/em>\u201d con condiciones negativas a las que debi\u00f3 enfrentarse su gobierno. Estos mensajes son dirigidos fundamentalmente a los prodestinatarios. Sin embargo, en el a\u00f1o electoral, sostener este relato sirve para explicar a los paradestinatarios las dificultades que tuvo el gobierno del Frente de Todos para mejorar el contexto socioecon\u00f3mico.&nbsp;&nbsp;&nbsp;<\/p>\n\n\n\n<p>Es el pr\u00e9stamo calificado de pol\u00edtico por Fern\u00e1ndez, la problem\u00e1tica m\u00e1s grave que ha tenido que afrontar su gobierno y lo destaca en varios momentos de la entrevista, acusando al ex mandatario de haber endeudado a la Argentina e inclusive&nbsp; de haber permitido que se fugaran 23 mil millones de d\u00f3lares entre octubre y diciembre, cuando asume el gobierno del FdT.<\/p>\n\n\n\n<p>El mensaje central es claro y los responsables son los otros. El contexto socioecon\u00f3mico es responsabilidad de Macri y as\u00ed lo explica el Presidente actual:<\/p>\n\n\n\n<p><em>-\u201cHay un abaratamiento del trabajo pero no es por culpa m\u00eda. \u00bfSaben qu\u00e9 lo produce ese abaratamiento? Que Macri hizo caer el salario real 20 puntos, entonces ahora cuando te contratan, te contratan partiendo de ah\u00ed abajo. \u00bfSe entiende? y eso es lo que hace que los sueldos no est\u00e9n a la altura de lo que deber\u00edan estar: la ca\u00edda real que dej\u00f3 Macri y como hay gente que necesita trabajar acepta ese sueldo\u201d.<\/em><\/p>\n\n\n\n<p><strong>El Peronismo: Presidencia e Interna<\/strong><\/p>\n\n\n\n<p>La presidencia de Alberto Fern\u00e1ndez se vi\u00f3 marcada por la pandemia as\u00ed como, sin dudas, por las negociaciones con el FMI. Son estos contextos los que hacen que el mismo asegure que si hubiese podido ver c\u00f3mo ser\u00eda el futuro, no hubiera elegido estos a\u00f1os para ser Presidente.<\/p>\n\n\n\n<p>M\u00e1s all\u00e1 de dicho encuadre, a partir de la menci\u00f3n del entrevistador a la frase de Macri sobre que cortaba todo a las 19 hs para ver Netflix, Fern\u00e1ndez describi\u00f3 la responsabilidad que conlleva el cargo de Presidente y logr\u00f3 hacer una clara referencia al viaje de Macri a Lago Escondido, por el cual hay una causa en donde se investigan los presuntos delitos por \u201cdefraudaci\u00f3n por administraci\u00f3n fraudulenta, abuso de autoridad y violaci\u00f3n de los deberes de funcionario p\u00fablico, cohecho y negociaciones incompatibles con la funci\u00f3n p\u00fablica\u201d.<\/p>\n\n\n\n<p>En una autoevaluaci\u00f3n, Alberto destaca haber sido fiel a s\u00ed mismo, a sus principios y valores y que, en consecuencia, es esta <em>\u201cvida \u00e9tica\u201d<\/em> la que lo permite <em>\u201cdescansar en paz en vida\u201d<\/em>.<\/p>\n\n\n\n<p>En este punto se dirige a los contradestinararios (oposici\u00f3n) y al mismo tiempo a los prodestinarios (Frente de Todos, donde es cuestionado por el kirchnerismo) para destacar que por sus principios nunca la \u201centreg\u00f3\u201d a Cristina, como hubiese querido la oposici\u00f3n. Sin embargo la expresi\u00f3n de Alberto es contradictoria al respecto ya que se\u00f1ala: \u201c<em>jam\u00e1s lo har\u00eda y b\u00e1sicamente porque no lo merece Cristina. B\u00e1sicamente por eso, no porque yo no lo har\u00eda, sino porque ella no lo merece\u201d<\/em>. Y agrega luego, dirigi\u00e9ndose a estos prodestinatarios que conforman el FdT, opositores a su gesti\u00f3n, que ha sido incitado por <em>\u201cla tropa propia\u201d <\/em>para tomar decisiones con las que no estaba de acuerdo.<\/p>\n\n\n\n<p>Fern\u00e1ndez coincide con Cristina Kirchner en que el peronismo busca ser representante de los sectores pobres y de la clase media argentina, mientras se aleja del <em>\u201cpoder f\u00e1ctico\u201d.<\/em><\/p>\n\n\n\n<p>A partir de la visi\u00f3n que tiene el Presidente sobre lo que implica la pol\u00edtica en tanto el poder de representaci\u00f3n y considerando la reflexi\u00f3n del entrevistador sobre las sensaciones que tiene acerca de la indecisi\u00f3n que sobrevuela el actual gobierno ante conflictos socioecon\u00f3micos, el enunciador comienza validando las sensaciones que pueden causar su forma de decidir y el tiempo que se toma para ello.<\/p>\n\n\n\n<p>A continuaci\u00f3n explica que el caso Vicent\u00edn se presenta, de esta manera, como una oportunidad estatal para introducir al Estado en el mundo agropecuario e industrial por medio de esta empresa que se hab\u00eda declarado en bancarrota. El presidente lo describe a esto como un primer impulso, expropiar y pasar a tener una <em>\u201cempresa testigo\u201d<\/em>. As\u00ed, al ordenarse la expropiaci\u00f3n, el Estado argentino se encontr\u00f3 con los primeros problemas desde la justicia. Los jueces no autorizaron la intervenci\u00f3n, s\u00f3lo le permitieron poner un veedor y, se\u00f1ala Fern\u00e1ndez, se dan <em>\u201cuna serie de obst\u00e1culos\u201d.<\/em><\/p>\n\n\n\n<p>Fern\u00e1ndez prosigue explicando algunas de las razones que fueron analizadas para tomar la decisi\u00f3n de no expropiar la empresa. Primero, la deuda que ten\u00edan y el alto costo que ten\u00edan que pagar para llevar a cabo la expropiaci\u00f3n. Menciona que no quer\u00eda invertir la plata de \u201clos argentinos\u201d en una deuda tan grande. Segundo, continuar con este procedimiento eximir\u00eda de responsabilidades econ\u00f3micas a los directivos de la empresa que hab\u00edan hecho las cosas mal. No quer\u00eda utilizar ese monto de dinero para tomar una empresa con deudas y liberar as\u00ed a los responsables de que estuviera en esa condici\u00f3n. Y, por \u00faltimo, no cre\u00eda que utilizar el dinero del Estado argentino &#8211; en palabras del <em>presidente \u201cdinero de los argentinos\u201d<\/em>&#8211; le parec\u00eda \u00e9ticamente incorrecto.<\/p>\n\n\n\n<p>Por otra parte, refiere que de todas formas no se desentendieron del caso; si bien se tom\u00f3 la decisi\u00f3n de no expropiar el caso sigue presente por medio de un crown down que significa no pagar esa deuda sino que controlarla por medio de acciones de la misma. El crown down implica que ante una quiebra permite que acreedores u otro actor externo pueda formular una propuesta para tomar el control, en este caso ser\u00eda formar parte de la misma por medio de acciones de la empresa.<\/p>\n\n\n\n<p>El caso hidrov\u00eda es otro ejemplo de su forma de tomar decisiones y lo explic\u00f3 de la siguiente manera. Lo que se ven\u00eda haciendo con la hidrov\u00eda es otorgar concesiones al sector privado, y una vez expirada la \u00faltima concesi\u00f3n se procedi\u00f3 a la creaci\u00f3n de un Consejo Federal Hidrov\u00eda (CFH) que ofrece asesoramiento a todas las provincias involucradas en la concesi\u00f3n. Seg\u00fan Fern\u00e1ndez, esto impulsar\u00eda y favorecer\u00eda el desarrollo comercial para todas las provincias ribere\u00f1as. Esta decisi\u00f3n le di\u00f3 a la Argentina, el a\u00f1o pasado, USD. 20.000.000  en utilidades, conforme lo expresado por el Presidente.&nbsp;<\/p>\n\n\n\n<figure class=\"wp-block-image size-large\"><a href=\"https:\/\/www.argentina.gob.ar\/noticias\/el-presidente-fernandez-y-meoni-firmaron-el-acuerdo-federal-de-la-hidrovia-junto\"><img loading=\"lazy\" decoding=\"async\" width=\"1024\" height=\"362\" src=\"https:\/\/gicosta.com\/wp-content\/uploads\/2023\/04\/ahidro-1024x362.png\" alt=\"\" class=\"wp-image-194\" srcset=\"https:\/\/gicosta.com\/wp-content\/uploads\/2023\/04\/ahidro-1024x362.png 1024w, https:\/\/gicosta.com\/wp-content\/uploads\/2023\/04\/ahidro-300x106.png 300w, https:\/\/gicosta.com\/wp-content\/uploads\/2023\/04\/ahidro-768x271.png 768w, https:\/\/gicosta.com\/wp-content\/uploads\/2023\/04\/ahidro.png 1415w\" sizes=\"auto, (max-width: 1024px) 100vw, 1024px\" \/><\/a><figcaption class=\"wp-element-caption\">Alberto Fern\u00e1ndez cre\u00f3 la Administradora Federal Hidrov\u00eda Sociedad del Estado <br>Leer m\u00e1s: <a href=\"http:\/\/la Administradora Federal Hidrov\u00eda Sociedad del Estado\">http:\/\/la Administradora Federal Hidrov\u00eda Sociedad del Estado<\/a><\/figcaption><\/figure>\n\n\n\n<p>En el contexto de una entrevista con Tom\u00e1s Rebord, era inevitable que la conversaci\u00f3n se adentrar\u00e1 en un an\u00e1lisis del Presidente sobre el peronismo.<\/p>\n\n\n\n<p>Alberto Fernandez sit\u00faa sus emociones al respecto en frases que lo describen como un militante so\u00f1ador y comprometido con lograr la unidad del peronismo para gobernar y poder as\u00ed \u201c<em>cambiar la vida a la gente\u201d.<\/em><\/p>\n\n\n\n<p>En medio de la interna por la designaci\u00f3n del candidato del Frente de Todos, Alberto repasa con nostalgia su vida de militancia y&nbsp; c\u00f3mo se dio su elecci\u00f3n para la candidatura a presidente en el 2019, asegurando que \u201c<em>el haber sido el jefe de gabinete de Nestor, para m\u00ed, es lo mejor que me pas\u00f3 en pol\u00edtica\u201d<\/em>.<\/p>\n\n\n\n<p>Con habilidad, Fern\u00e1ndez conduce el relato siguiendo un hilo que lo lleva hasta a realizar el llamado a la unidad:<em> \u201cYo lo que busco es que nos integremos como un espacio de racionalidad pol\u00edtica donde nos respetemos e integremos\u201d. \u201cMi adversario es la derecha recalcitrante\u201d.<\/em> Afirma que a su criterio, la discusi\u00f3n al interior del espacio es in\u00fatil, ya que la concentraci\u00f3n deber\u00eda orientarse al objetivo de vencer a la derecha.<\/p>\n\n\n\n<p>Al momento de definir a la oposici\u00f3n, inicialmente son llamados \u201cenemigos\u201d por Fern\u00e1ndez, sin embargo, luego hizo una pausa de tres segundos y se refiri\u00f3 a que (a los enemigos) no los tiene en su propio espacio. Este t\u00e9rmino est\u00e1 asociado a desagrado, no compartir ning\u00fan v\u00ednculo personal, o sea, tener motivos m\u00e1s all\u00e1 de los planos, en este caso, pol\u00edticos para despreciar. Posteriormente, el enunciador cambi\u00f3 el t\u00e9rmino por el de \u201cadversario\u201d, dando as\u00ed una connotaci\u00f3n m\u00e1s competitiva y reduciendo el enfrentamiento al plano de la competici\u00f3n, en este caso, el plano electoral.<\/p>\n\n\n\n<p>El mensaje respecto a la interna del FdT finaliza con un desaf\u00edo del Presidente a saldarla mediante el voto.<\/p>\n\n\n\n<p>La emotividad se hab\u00eda mantenido entre la nostalgia, lo so\u00f1ador y lo esperanzador, hasta que el planteamiento de Rebord sobre la din\u00e1mica del poder que \u201cno perdona no ejercerlo\u201d sobresalt\u00f3 a Fern\u00e1ndez, quien lo interrumpe para cuestionar y se\u00f1alar con \u00edmpetu las frases que han sido m\u00e1s cuestionadas por los destinatarios:<\/p>\n\n\n\n<p><em>-\u201c\u00bfQui\u00e9n arregl\u00f3 la deuda con el fondo? Alberto Fern\u00e1ndez.<\/em><\/p>\n\n\n\n<p><em>\u00bfQui\u00e9n tuvo que discutir con el fondo para sacarle concesiones que el fondo nunca hab\u00eda hecho? Alberto Fern\u00e1ndez.<\/em><\/p>\n\n\n\n<p><em>\u00bfQui\u00e9n tuvo que hablar con los acreedores privados para pedirles una quita de 48 puntos?&nbsp; Alberto Fern\u00e1ndez.<\/em><\/p>\n\n\n\n<p><em>\u00bfQui\u00e9n enfrent\u00f3 la pandemia? Alberto Fern\u00e1ndez.<\/em><\/p>\n\n\n\n<p><em>\u00bfQui\u00e9n fue a buscar las vacunas?&nbsp; Alberto Fern\u00e1ndez.<\/em><\/p>\n\n\n\n<p><em>\u00bfQui\u00e9n se plant\u00f3 frente al G7 a decirles paren esta guerra porque nos est\u00e1 llevando al peor de los mundos?&nbsp; Alberto Fern\u00e1ndez.<\/em><\/p>\n\n\n\n<p><em>\u00bfQui\u00e9n fue a la Cumbre de las Am\u00e9ricas y le dijo a Biden por favor cambien la actitud con Am\u00e9rica del Sur y con Am\u00e9rica Latina porque ustedes no est\u00e1n port\u00e1ndose bien con Am\u00e9rica Latina por los bloqueos con Cuba y con Venezuela?,&nbsp; \u00bfQui\u00e9n hizo eso?&nbsp; Alberto Fern\u00e1ndez.<\/em><\/p>\n\n\n\n<p><em>\u00bfQui\u00e9n se sent\u00f3 con Macron para buscar un camino de soluci\u00f3n entre los para los venezolanos cuando, todos ac\u00e1 recomendaban que no hable de Venezuela y que deje a los venezolanos est\u00e1n olvidados en el mundo cuando en verdad tenemos en Argentina medio mill\u00f3n de venezolanos exiliados porque no se puede vivir en Su patria? \u00bfQue yo no ejerc\u00eda el poder? \u00bfQui\u00e9n dict\u00f3 la ley del aborto? \u00bfQui\u00e9n sac\u00f3 la ley de los mil d\u00edas? \u00bfQui\u00e9n sac\u00f3 el documento no binario?&nbsp; Lo \u00fanico que yo no hago es un relato del poder que&nbsp; ejerzo\u201d.<\/em><\/p>\n\n\n\n<p>Aunque inmediatamente despu\u00e9s asegur\u00f3 que cree en que el fin de los personalismos implica la democratizaci\u00f3n (y soluci\u00f3n para el conflicto) del Frente de Todos, las frases con las que busc\u00f3 destacar los logros de su gesti\u00f3n inician con una referencia a s\u00ed mismo en tercera persona. No es solamente una cuesti\u00f3n de egos. Los cuatro a\u00f1os del mandato ha vivido en un permanente condicionamiento y cuestionamiento dentro de su propio gobierno. Como lo asegura, Alberto Fern\u00e1ndez qued\u00f3 solo en los peores momentos y es quiz\u00e1s por ello que perdi\u00f3 el uso del nosotros. Inevitablemente la din\u00e1mica de estos a\u00f1os lo situ\u00f3 siempre del lado contrario a su VicePresidenta y el contexto ha sido de un Cristina vs. Alberto, por lo que aquellos logros que buscan que sean poco notorios, son necesarios, para \u00e9l, de ser destacados como propios.<\/p>\n\n\n\n<p>Fern\u00e1ndez considera que los discursos que cuestionan fuertemente la negociaci\u00f3n con el FMI son poco realistas, descontextualizados e inaplicables. Una problem\u00e1tica de esa envergadura requer\u00eda, para \u00e9l, de una mesa de di\u00e1logo para que Argentina no quedara fuera del sistema por estar en default con el Fondo.<\/p>\n\n\n\n<p>No es menor que durante sus argumentaciones, Fern\u00e1ndez asegura coincidir en que la deuda es injusta, que es pol\u00edtica y que el acuerdo no es para ser festejado, sino que era inevitable.<\/p>\n\n\n\n<p>En la reflexi\u00f3n acerca del caudillaje y los verticalismo propios del peronismo, Alberto emite un mensaje que distingue a Per\u00f3n de N\u00e9stor y a Evita de Cristina, que contrarresta el liderazgo de Cristina como quien impone candidaturas y que, finalmente, vuelve a situarlo como el que, a como diera lugar, es quien llama a la unidad. No obstante, el punto de encuentro con el encuadre propuesto en ese entonces por el kirchnerismo, se da al despegarse de la decisi\u00f3n de renunciar de Guzm\u00e1n, responsabiliz\u00e1ndolo de abandonar de mala forma el gobierno por no \u201cresistir\u201d al ataque de los medios opositores. Con m\u00e1s \u00e9nfasis se observa la feliz coincidencia con Kirchner en que la designaci\u00f3n de Massa ha sido incidente en la continuidad del gobierno cuando se gestaba, seg\u00fan recuerda, un juicio pol\u00edtico al Presidente.<\/p>\n\n\n\n<p>El encuadre a posicionarse, por parte de Fern\u00e1ndez, es el de que el gobierno funciona con un orden donde cada componente es respetado por sus conocimientos y experiencias, independientemente de su pertenencia a un sector u otro en el FdT.<\/p>\n\n\n\n<figure class=\"wp-block-image size-full\"><img loading=\"lazy\" decoding=\"async\" width=\"942\" height=\"620\" src=\"https:\/\/gicosta.com\/wp-content\/uploads\/2023\/04\/acr.png\" alt=\"\" class=\"wp-image-195\" srcset=\"https:\/\/gicosta.com\/wp-content\/uploads\/2023\/04\/acr.png 942w, https:\/\/gicosta.com\/wp-content\/uploads\/2023\/04\/acr-300x197.png 300w, https:\/\/gicosta.com\/wp-content\/uploads\/2023\/04\/acr-768x505.png 768w\" sizes=\"auto, (max-width: 942px) 100vw, 942px\" \/><figcaption class=\"wp-element-caption\">Alberto Fern\u00e1ndez y Cristina Kirchner en la Apertura de Sesiones Ordinarias 2023<br>Foto: C5N<\/figcaption><\/figure>\n\n\n\n<p>En esta disputa electoral al interior del espacio, deber\u00eda resonar la frase: <\/p>\n\n\n\n<p><strong><em><mark style=\"background-color:rgba(0, 0, 0, 0)\" class=\"has-inline-color has-foreground-color\">\u201cLo que no me pueden pedir es que los que no me acompa\u00f1aron en la decisi\u00f3n del Fondo y me dejaron solo en el momento m\u00e1s dif\u00edcil del gobierno, con una pandemia acordando con el Fondo, me pidan resolver conmigo. Si la resoluci\u00f3n m\u00e1s dif\u00edcil la tuve que tomar solo, bueno, d\u00e9jenme trabajar\u201d.<\/mark><\/em><\/strong><\/p>\n\n\n\n<p>En cuanto a su candidatura, no afirma expresamente querer ser reelecto, sino que sit\u00faa su postura en torno a que su inter\u00e9s m\u00e1ximo es vencer a la oposici\u00f3n con el mejor candidato que el FdT pueda presentar, el cual indiscutiblemente debe ser elegido en las PASO. Al respecto advierte:<\/p>\n\n\n\n<p><em>-\u201cNo me apuren, no me pueden decir que no estaban enterados de que este era el plan (PASO)\u201d.<\/em><\/p>\n\n\n\n<p>No obstante, sobre la prescripci\u00f3n debatida de Cristina Kirchner, manifiesta que la principal preocupaci\u00f3n es que una persona inocente sea condenada. Fern\u00e1ndez evita sumarse al encuadre del kirchnerismo que denuncia una proscripci\u00f3n a Cristina y se mantiene firme en que <em>\u201cno es que sea proscripta, sino que es inocente\u201d<\/em>.<\/p>\n\n\n\n<p><strong>El cierre: el futuro de la Argentina<\/strong><\/p>\n\n\n\n<p>En cuanto al contexto general, el Presidente se mostr\u00f3 preocupado por el futuro de Argentina. Ante la pregunta sobre la actualidad, se explay\u00f3 en cuanto a las diferencias entre propuestas de su espacio de gobierno y lo que ofrece la oposici\u00f3n. Conf\u00eda en la competitividad del FdT, pero pide a los prodestinatarios y paradestinatarios que abran los ojos, porque la derecha es clara y advierte sobre lo que va a hacer. De igual modo, se mostr\u00f3 preocupado por el surgimiento y avance de gobiernos autoritarios y, aunque considera que los resultados econ\u00f3micos y sociales evidencian una deuda de la democracia, estas deben saldarse con m\u00e1s democracia.<\/p>\n\n\n\n<p>Apelando nuevamente a comparaciones, Fern\u00e1ndez destaca los avances y logros del peronismo en el gobierno:<\/p>\n\n\n\n<p>&#8211;<em>\u201cLo que garantizamos es que vamos a seguir trabajando para que la gente recupere el empleo llevamos 30 meses consecutivos de creaci\u00f3n de empleo registrado\u201d<\/em>.<\/p>\n\n\n\n<p>Acompa\u00f1\u00f3 esta afirmaci\u00f3n mencionando que los salarios acompa\u00f1aron la inflaci\u00f3n pero las paritarias estuvieron siempre abiertas y que existen un mill\u00f3n de puestos de trabajo en la informalidad. Consider\u00f3 que es una preocupaci\u00f3n para <em>\u201cnosotros y eso es algo que debemos resolver\u201d.<\/em><\/p>\n\n\n\n<p>En la misma sinton\u00eda, mencion\u00f3 que luego de afrontar a\u00f1os duros con la pandemia, el sector m\u00e1s favorecido por acciones del gobierno fue el turismo. Dijo el Presidente: &#8211;<em>\u201cDos a\u00f1os consecutivos de r\u00e9cord de turismo en el verano. Este verano 22 millones de personas se movilizaron con bienes tur\u00edsticos en enero y 13 millones en febrero, 3 de los 4 millones de habitantes que somos pudieron disfrutar de las vacaciones\u201d.<\/em><\/p>\n\n\n\n<p>Contrast\u00f3 igualmente con la gesti\u00f3n de Macri, respecto a la inversi\u00f3n en el polo cient\u00edfico y tecnol\u00f3gico. As\u00ed mismo, asegur\u00f3 que las propuestas de mejora se hicieron presente en el ordenamiento administrativo gubernamental y mencion\u00f3 que a mediados de junio se tendr\u00e1 terminado el gasoducto, con lo que, seg\u00fan sus reflexiones se dar\u00e1n efectos positivos en la econom\u00eda argentina. As\u00ed tambi\u00e9n, expres\u00f3 que tienen pensado crear tres plantas para hacer gas licuado, de manera a que la idea es dejar de importar gas, solventar este producto internamente y, de este modo, ahorrar en suministro de gas. Se prev\u00e9, asegura Fern\u00e1ndez, exportar el gas a Europa y a pa\u00edses&nbsp; lim\u00edtrofes creando fuentes de ingresos para el Estado Nacional.<\/p>\n\n\n\n<p>Por \u00faltimo, mencion\u00f3 la explotaci\u00f3n de litio, oro y plata. En particular, Fern\u00e1ndez refiri\u00f3 lo conversado con el actual Presidente norteamericano para la colaboraci\u00f3n y creaci\u00f3n de bater\u00edas de litio para exportaci\u00f3n:<\/p>\n\n\n\n<p><em>\u201cLo habl\u00e9 el otro d\u00eda con Biden porque ellos son el principal importador de litio Argentino y yo le planteaba que quer\u00eda que se instalen a hacer bater\u00edas para que podamos exportar. Lo mismo que le pido a los chinos que tambi\u00e9n tienen una inversi\u00f3n grande en litio\u201d<\/em><\/p>\n\n\n\n<p>Al finalizar sus propuestas y visiones del futuro sembr\u00f3 un mensaje esperanzador:<\/p>\n\n\n\n<p><strong><em>&nbsp;-\u201cLa Argentina de hoy es una Argentina que se ha sembrado y que va a empezar a recoger frutos\u201d.<\/em><\/strong><\/p>\n","protected":false},"excerpt":{"rendered":"<p>An\u00e1lisis del M\u00e9todo #50-Entrevista de Rebord al Presidente Alberto Fern\u00e1ndez. Con toda la atenci\u00f3n puesta en su decisi\u00f3n frente a la interna en el Frente de Todos, el Presidente dej\u00f3 frases contundentes dirigidas a sus compa\u00f1eros peronistas. An\u00e1lisis del Discurso. Por: Gisselle Costa y Walter Enciso Introducci\u00f3n A d\u00edas de la Cumbre con el Presidente [&hellip;]<\/p>\n","protected":false},"author":1,"featured_media":0,"comment_status":"open","ping_status":"open","sticky":false,"template":"","format":"standard","meta":{"_joinchat":[],"footnotes":""},"categories":[1],"tags":[],"class_list":["post-192","post","type-post","status-publish","format-standard","hentry","category-uncategorized"],"yoast_head":"<!-- This site is optimized with the Yoast SEO plugin v27.4 - https:\/\/yoast.com\/product\/yoast-seo-wordpress\/ -->\n<title>Alberto firme: &quot;Los que me dejaron solo, no pidan resolver conmigo&quot;<\/title>\n<meta name=\"robots\" content=\"index, follow, max-snippet:-1, max-image-preview:large, max-video-preview:-1\" \/>\n<link rel=\"canonical\" href=\"https:\/\/gicosta.com\/index.php\/2023\/04\/09\/alberto-firme-los-que-me-dejaron-solo-no-pidan-resolver-conmigo\/\" \/>\n<meta property=\"og:locale\" content=\"es_ES\" \/>\n<meta property=\"og:type\" content=\"article\" \/>\n<meta property=\"og:title\" content=\"Alberto firme: &quot;Los que me dejaron solo, no pidan resolver conmigo&quot;\" \/>\n<meta property=\"og:description\" content=\"An\u00e1lisis del M\u00e9todo #50-Entrevista de Rebord al Presidente Alberto Fern\u00e1ndez. Con toda la atenci\u00f3n puesta en su decisi\u00f3n frente a la interna en el Frente de Todos, el Presidente dej\u00f3 frases contundentes dirigidas a sus compa\u00f1eros peronistas. An\u00e1lisis del Discurso. Por: Gisselle Costa y Walter Enciso Introducci\u00f3n A d\u00edas de la Cumbre con el Presidente [&hellip;]\" \/>\n<meta property=\"og:url\" content=\"https:\/\/gicosta.com\/index.php\/2023\/04\/09\/alberto-firme-los-que-me-dejaron-solo-no-pidan-resolver-conmigo\/\" \/>\n<meta property=\"og:site_name\" content=\"Consultora Arconte\" \/>\n<meta property=\"article:published_time\" content=\"2023-04-09T18:16:12+00:00\" \/>\n<meta property=\"article:modified_time\" content=\"2023-04-09T22:01:19+00:00\" \/>\n<meta property=\"og:image\" content=\"http:\/\/gicosta.com\/wp-content\/uploads\/2023\/04\/af50-1024x492.png\" \/>\n<meta name=\"author\" content=\"admin\" \/>\n<meta name=\"twitter:card\" content=\"summary_large_image\" \/>\n<meta name=\"twitter:label1\" content=\"Escrito por\" \/>\n\t<meta name=\"twitter:data1\" content=\"admin\" \/>\n\t<meta name=\"twitter:label2\" content=\"Tiempo de lectura\" \/>\n\t<meta name=\"twitter:data2\" content=\"17 minutos\" \/>\n<script type=\"application\/ld+json\" class=\"yoast-schema-graph\">{\"@context\":\"https:\\\/\\\/schema.org\",\"@graph\":[{\"@type\":\"Article\",\"@id\":\"https:\\\/\\\/gicosta.com\\\/index.php\\\/2023\\\/04\\\/09\\\/alberto-firme-los-que-me-dejaron-solo-no-pidan-resolver-conmigo\\\/#article\",\"isPartOf\":{\"@id\":\"https:\\\/\\\/gicosta.com\\\/index.php\\\/2023\\\/04\\\/09\\\/alberto-firme-los-que-me-dejaron-solo-no-pidan-resolver-conmigo\\\/\"},\"author\":{\"name\":\"admin\",\"@id\":\"https:\\\/\\\/gicosta.com\\\/#\\\/schema\\\/person\\\/3c5a2eb157bcbdc53bdae79965fd2817\"},\"headline\":\"Alberto firme: \u00abLos que me dejaron solo, no pidan resolver conmigo\u00bb\",\"datePublished\":\"2023-04-09T18:16:12+00:00\",\"dateModified\":\"2023-04-09T22:01:19+00:00\",\"mainEntityOfPage\":{\"@id\":\"https:\\\/\\\/gicosta.com\\\/index.php\\\/2023\\\/04\\\/09\\\/alberto-firme-los-que-me-dejaron-solo-no-pidan-resolver-conmigo\\\/\"},\"wordCount\":3744,\"commentCount\":0,\"publisher\":{\"@id\":\"https:\\\/\\\/gicosta.com\\\/#organization\"},\"image\":{\"@id\":\"https:\\\/\\\/gicosta.com\\\/index.php\\\/2023\\\/04\\\/09\\\/alberto-firme-los-que-me-dejaron-solo-no-pidan-resolver-conmigo\\\/#primaryimage\"},\"thumbnailUrl\":\"http:\\\/\\\/gicosta.com\\\/wp-content\\\/uploads\\\/2023\\\/04\\\/af50-1024x492.png\",\"articleSection\":[\"Uncategorized\"],\"inLanguage\":\"es\",\"potentialAction\":[{\"@type\":\"CommentAction\",\"name\":\"Comment\",\"target\":[\"https:\\\/\\\/gicosta.com\\\/index.php\\\/2023\\\/04\\\/09\\\/alberto-firme-los-que-me-dejaron-solo-no-pidan-resolver-conmigo\\\/#respond\"]}]},{\"@type\":\"WebPage\",\"@id\":\"https:\\\/\\\/gicosta.com\\\/index.php\\\/2023\\\/04\\\/09\\\/alberto-firme-los-que-me-dejaron-solo-no-pidan-resolver-conmigo\\\/\",\"url\":\"https:\\\/\\\/gicosta.com\\\/index.php\\\/2023\\\/04\\\/09\\\/alberto-firme-los-que-me-dejaron-solo-no-pidan-resolver-conmigo\\\/\",\"name\":\"Alberto firme: \\\"Los que me dejaron solo, no pidan resolver conmigo\\\"\",\"isPartOf\":{\"@id\":\"https:\\\/\\\/gicosta.com\\\/#website\"},\"primaryImageOfPage\":{\"@id\":\"https:\\\/\\\/gicosta.com\\\/index.php\\\/2023\\\/04\\\/09\\\/alberto-firme-los-que-me-dejaron-solo-no-pidan-resolver-conmigo\\\/#primaryimage\"},\"image\":{\"@id\":\"https:\\\/\\\/gicosta.com\\\/index.php\\\/2023\\\/04\\\/09\\\/alberto-firme-los-que-me-dejaron-solo-no-pidan-resolver-conmigo\\\/#primaryimage\"},\"thumbnailUrl\":\"http:\\\/\\\/gicosta.com\\\/wp-content\\\/uploads\\\/2023\\\/04\\\/af50-1024x492.png\",\"datePublished\":\"2023-04-09T18:16:12+00:00\",\"dateModified\":\"2023-04-09T22:01:19+00:00\",\"breadcrumb\":{\"@id\":\"https:\\\/\\\/gicosta.com\\\/index.php\\\/2023\\\/04\\\/09\\\/alberto-firme-los-que-me-dejaron-solo-no-pidan-resolver-conmigo\\\/#breadcrumb\"},\"inLanguage\":\"es\",\"potentialAction\":[{\"@type\":\"ReadAction\",\"target\":[\"https:\\\/\\\/gicosta.com\\\/index.php\\\/2023\\\/04\\\/09\\\/alberto-firme-los-que-me-dejaron-solo-no-pidan-resolver-conmigo\\\/\"]}]},{\"@type\":\"ImageObject\",\"inLanguage\":\"es\",\"@id\":\"https:\\\/\\\/gicosta.com\\\/index.php\\\/2023\\\/04\\\/09\\\/alberto-firme-los-que-me-dejaron-solo-no-pidan-resolver-conmigo\\\/#primaryimage\",\"url\":\"https:\\\/\\\/gicosta.com\\\/wp-content\\\/uploads\\\/2023\\\/04\\\/af50.png\",\"contentUrl\":\"https:\\\/\\\/gicosta.com\\\/wp-content\\\/uploads\\\/2023\\\/04\\\/af50.png\",\"width\":1847,\"height\":887},{\"@type\":\"BreadcrumbList\",\"@id\":\"https:\\\/\\\/gicosta.com\\\/index.php\\\/2023\\\/04\\\/09\\\/alberto-firme-los-que-me-dejaron-solo-no-pidan-resolver-conmigo\\\/#breadcrumb\",\"itemListElement\":[{\"@type\":\"ListItem\",\"position\":1,\"name\":\"Portada\",\"item\":\"https:\\\/\\\/gicosta.com\\\/\"},{\"@type\":\"ListItem\",\"position\":2,\"name\":\"Alberto firme: \u00abLos que me dejaron solo, no pidan resolver conmigo\u00bb\"}]},{\"@type\":\"WebSite\",\"@id\":\"https:\\\/\\\/gicosta.com\\\/#website\",\"url\":\"https:\\\/\\\/gicosta.com\\\/\",\"name\":\"Consultora Arconte\",\"description\":\"Consultor\u00eda Pol\u00edtica y Estrat\u00e9gica\",\"publisher\":{\"@id\":\"https:\\\/\\\/gicosta.com\\\/#organization\"},\"potentialAction\":[{\"@type\":\"SearchAction\",\"target\":{\"@type\":\"EntryPoint\",\"urlTemplate\":\"https:\\\/\\\/gicosta.com\\\/?s={search_term_string}\"},\"query-input\":{\"@type\":\"PropertyValueSpecification\",\"valueRequired\":true,\"valueName\":\"search_term_string\"}}],\"inLanguage\":\"es\"},{\"@type\":\"Organization\",\"@id\":\"https:\\\/\\\/gicosta.com\\\/#organization\",\"name\":\"Consultora Arconte\",\"url\":\"https:\\\/\\\/gicosta.com\\\/\",\"logo\":{\"@type\":\"ImageObject\",\"inLanguage\":\"es\",\"@id\":\"https:\\\/\\\/gicosta.com\\\/#\\\/schema\\\/logo\\\/image\\\/\",\"url\":\"https:\\\/\\\/gicosta.com\\\/wp-content\\\/uploads\\\/2023\\\/01\\\/Diseno-sin-titulo-1.png\",\"contentUrl\":\"https:\\\/\\\/gicosta.com\\\/wp-content\\\/uploads\\\/2023\\\/01\\\/Diseno-sin-titulo-1.png\",\"width\":500,\"height\":500,\"caption\":\"Consultora Arconte\"},\"image\":{\"@id\":\"https:\\\/\\\/gicosta.com\\\/#\\\/schema\\\/logo\\\/image\\\/\"}},{\"@type\":\"Person\",\"@id\":\"https:\\\/\\\/gicosta.com\\\/#\\\/schema\\\/person\\\/3c5a2eb157bcbdc53bdae79965fd2817\",\"name\":\"admin\",\"image\":{\"@type\":\"ImageObject\",\"inLanguage\":\"es\",\"@id\":\"https:\\\/\\\/secure.gravatar.com\\\/avatar\\\/28f68091cac0071bf82939e50b60fda8548f5d86c6590d25c468c803301e0789?s=96&d=mm&r=g\",\"url\":\"https:\\\/\\\/secure.gravatar.com\\\/avatar\\\/28f68091cac0071bf82939e50b60fda8548f5d86c6590d25c468c803301e0789?s=96&d=mm&r=g\",\"contentUrl\":\"https:\\\/\\\/secure.gravatar.com\\\/avatar\\\/28f68091cac0071bf82939e50b60fda8548f5d86c6590d25c468c803301e0789?s=96&d=mm&r=g\",\"caption\":\"admin\"},\"sameAs\":[\"http:\\\/\\\/gicosta.com\"],\"url\":\"https:\\\/\\\/gicosta.com\\\/index.php\\\/author\\\/admin\\\/\"}]}<\/script>\n<!-- \/ Yoast SEO plugin. -->","yoast_head_json":{"title":"Alberto firme: \"Los que me dejaron solo, no pidan resolver conmigo\"","robots":{"index":"index","follow":"follow","max-snippet":"max-snippet:-1","max-image-preview":"max-image-preview:large","max-video-preview":"max-video-preview:-1"},"canonical":"https:\/\/gicosta.com\/index.php\/2023\/04\/09\/alberto-firme-los-que-me-dejaron-solo-no-pidan-resolver-conmigo\/","og_locale":"es_ES","og_type":"article","og_title":"Alberto firme: \"Los que me dejaron solo, no pidan resolver conmigo\"","og_description":"An\u00e1lisis del M\u00e9todo #50-Entrevista de Rebord al Presidente Alberto Fern\u00e1ndez. Con toda la atenci\u00f3n puesta en su decisi\u00f3n frente a la interna en el Frente de Todos, el Presidente dej\u00f3 frases contundentes dirigidas a sus compa\u00f1eros peronistas. An\u00e1lisis del Discurso. Por: Gisselle Costa y Walter Enciso Introducci\u00f3n A d\u00edas de la Cumbre con el Presidente [&hellip;]","og_url":"https:\/\/gicosta.com\/index.php\/2023\/04\/09\/alberto-firme-los-que-me-dejaron-solo-no-pidan-resolver-conmigo\/","og_site_name":"Consultora Arconte","article_published_time":"2023-04-09T18:16:12+00:00","article_modified_time":"2023-04-09T22:01:19+00:00","og_image":[{"url":"http:\/\/gicosta.com\/wp-content\/uploads\/2023\/04\/af50-1024x492.png","type":"","width":"","height":""}],"author":"admin","twitter_card":"summary_large_image","twitter_misc":{"Escrito por":"admin","Tiempo de lectura":"17 minutos"},"schema":{"@context":"https:\/\/schema.org","@graph":[{"@type":"Article","@id":"https:\/\/gicosta.com\/index.php\/2023\/04\/09\/alberto-firme-los-que-me-dejaron-solo-no-pidan-resolver-conmigo\/#article","isPartOf":{"@id":"https:\/\/gicosta.com\/index.php\/2023\/04\/09\/alberto-firme-los-que-me-dejaron-solo-no-pidan-resolver-conmigo\/"},"author":{"name":"admin","@id":"https:\/\/gicosta.com\/#\/schema\/person\/3c5a2eb157bcbdc53bdae79965fd2817"},"headline":"Alberto firme: \u00abLos que me dejaron solo, no pidan resolver conmigo\u00bb","datePublished":"2023-04-09T18:16:12+00:00","dateModified":"2023-04-09T22:01:19+00:00","mainEntityOfPage":{"@id":"https:\/\/gicosta.com\/index.php\/2023\/04\/09\/alberto-firme-los-que-me-dejaron-solo-no-pidan-resolver-conmigo\/"},"wordCount":3744,"commentCount":0,"publisher":{"@id":"https:\/\/gicosta.com\/#organization"},"image":{"@id":"https:\/\/gicosta.com\/index.php\/2023\/04\/09\/alberto-firme-los-que-me-dejaron-solo-no-pidan-resolver-conmigo\/#primaryimage"},"thumbnailUrl":"http:\/\/gicosta.com\/wp-content\/uploads\/2023\/04\/af50-1024x492.png","articleSection":["Uncategorized"],"inLanguage":"es","potentialAction":[{"@type":"CommentAction","name":"Comment","target":["https:\/\/gicosta.com\/index.php\/2023\/04\/09\/alberto-firme-los-que-me-dejaron-solo-no-pidan-resolver-conmigo\/#respond"]}]},{"@type":"WebPage","@id":"https:\/\/gicosta.com\/index.php\/2023\/04\/09\/alberto-firme-los-que-me-dejaron-solo-no-pidan-resolver-conmigo\/","url":"https:\/\/gicosta.com\/index.php\/2023\/04\/09\/alberto-firme-los-que-me-dejaron-solo-no-pidan-resolver-conmigo\/","name":"Alberto firme: \"Los que me dejaron solo, no pidan resolver conmigo\"","isPartOf":{"@id":"https:\/\/gicosta.com\/#website"},"primaryImageOfPage":{"@id":"https:\/\/gicosta.com\/index.php\/2023\/04\/09\/alberto-firme-los-que-me-dejaron-solo-no-pidan-resolver-conmigo\/#primaryimage"},"image":{"@id":"https:\/\/gicosta.com\/index.php\/2023\/04\/09\/alberto-firme-los-que-me-dejaron-solo-no-pidan-resolver-conmigo\/#primaryimage"},"thumbnailUrl":"http:\/\/gicosta.com\/wp-content\/uploads\/2023\/04\/af50-1024x492.png","datePublished":"2023-04-09T18:16:12+00:00","dateModified":"2023-04-09T22:01:19+00:00","breadcrumb":{"@id":"https:\/\/gicosta.com\/index.php\/2023\/04\/09\/alberto-firme-los-que-me-dejaron-solo-no-pidan-resolver-conmigo\/#breadcrumb"},"inLanguage":"es","potentialAction":[{"@type":"ReadAction","target":["https:\/\/gicosta.com\/index.php\/2023\/04\/09\/alberto-firme-los-que-me-dejaron-solo-no-pidan-resolver-conmigo\/"]}]},{"@type":"ImageObject","inLanguage":"es","@id":"https:\/\/gicosta.com\/index.php\/2023\/04\/09\/alberto-firme-los-que-me-dejaron-solo-no-pidan-resolver-conmigo\/#primaryimage","url":"https:\/\/gicosta.com\/wp-content\/uploads\/2023\/04\/af50.png","contentUrl":"https:\/\/gicosta.com\/wp-content\/uploads\/2023\/04\/af50.png","width":1847,"height":887},{"@type":"BreadcrumbList","@id":"https:\/\/gicosta.com\/index.php\/2023\/04\/09\/alberto-firme-los-que-me-dejaron-solo-no-pidan-resolver-conmigo\/#breadcrumb","itemListElement":[{"@type":"ListItem","position":1,"name":"Portada","item":"https:\/\/gicosta.com\/"},{"@type":"ListItem","position":2,"name":"Alberto firme: \u00abLos que me dejaron solo, no pidan resolver conmigo\u00bb"}]},{"@type":"WebSite","@id":"https:\/\/gicosta.com\/#website","url":"https:\/\/gicosta.com\/","name":"Consultora Arconte","description":"Consultor\u00eda Pol\u00edtica y Estrat\u00e9gica","publisher":{"@id":"https:\/\/gicosta.com\/#organization"},"potentialAction":[{"@type":"SearchAction","target":{"@type":"EntryPoint","urlTemplate":"https:\/\/gicosta.com\/?s={search_term_string}"},"query-input":{"@type":"PropertyValueSpecification","valueRequired":true,"valueName":"search_term_string"}}],"inLanguage":"es"},{"@type":"Organization","@id":"https:\/\/gicosta.com\/#organization","name":"Consultora Arconte","url":"https:\/\/gicosta.com\/","logo":{"@type":"ImageObject","inLanguage":"es","@id":"https:\/\/gicosta.com\/#\/schema\/logo\/image\/","url":"https:\/\/gicosta.com\/wp-content\/uploads\/2023\/01\/Diseno-sin-titulo-1.png","contentUrl":"https:\/\/gicosta.com\/wp-content\/uploads\/2023\/01\/Diseno-sin-titulo-1.png","width":500,"height":500,"caption":"Consultora Arconte"},"image":{"@id":"https:\/\/gicosta.com\/#\/schema\/logo\/image\/"}},{"@type":"Person","@id":"https:\/\/gicosta.com\/#\/schema\/person\/3c5a2eb157bcbdc53bdae79965fd2817","name":"admin","image":{"@type":"ImageObject","inLanguage":"es","@id":"https:\/\/secure.gravatar.com\/avatar\/28f68091cac0071bf82939e50b60fda8548f5d86c6590d25c468c803301e0789?s=96&d=mm&r=g","url":"https:\/\/secure.gravatar.com\/avatar\/28f68091cac0071bf82939e50b60fda8548f5d86c6590d25c468c803301e0789?s=96&d=mm&r=g","contentUrl":"https:\/\/secure.gravatar.com\/avatar\/28f68091cac0071bf82939e50b60fda8548f5d86c6590d25c468c803301e0789?s=96&d=mm&r=g","caption":"admin"},"sameAs":["http:\/\/gicosta.com"],"url":"https:\/\/gicosta.com\/index.php\/author\/admin\/"}]}},"_links":{"self":[{"href":"https:\/\/gicosta.com\/index.php\/wp-json\/wp\/v2\/posts\/192","targetHints":{"allow":["GET"]}}],"collection":[{"href":"https:\/\/gicosta.com\/index.php\/wp-json\/wp\/v2\/posts"}],"about":[{"href":"https:\/\/gicosta.com\/index.php\/wp-json\/wp\/v2\/types\/post"}],"author":[{"embeddable":true,"href":"https:\/\/gicosta.com\/index.php\/wp-json\/wp\/v2\/users\/1"}],"replies":[{"embeddable":true,"href":"https:\/\/gicosta.com\/index.php\/wp-json\/wp\/v2\/comments?post=192"}],"version-history":[{"count":3,"href":"https:\/\/gicosta.com\/index.php\/wp-json\/wp\/v2\/posts\/192\/revisions"}],"predecessor-version":[{"id":200,"href":"https:\/\/gicosta.com\/index.php\/wp-json\/wp\/v2\/posts\/192\/revisions\/200"}],"wp:attachment":[{"href":"https:\/\/gicosta.com\/index.php\/wp-json\/wp\/v2\/media?parent=192"}],"wp:term":[{"taxonomy":"category","embeddable":true,"href":"https:\/\/gicosta.com\/index.php\/wp-json\/wp\/v2\/categories?post=192"},{"taxonomy":"post_tag","embeddable":true,"href":"https:\/\/gicosta.com\/index.php\/wp-json\/wp\/v2\/tags?post=192"}],"curies":[{"name":"wp","href":"https:\/\/api.w.org\/{rel}","templated":true}]}}