{"id":176,"date":"2023-03-12T10:12:31","date_gmt":"2023-03-12T10:12:31","guid":{"rendered":"http:\/\/gicosta.com\/?p=176"},"modified":"2023-03-12T10:33:28","modified_gmt":"2023-03-12T10:33:28","slug":"candidaturas-2023-y-red-flags","status":"publish","type":"post","link":"https:\/\/gicosta.com\/index.php\/2023\/03\/12\/candidaturas-2023-y-red-flags\/","title":{"rendered":"Candidaturas 2023 y Red Flags"},"content":{"rendered":"\n<h2 class=\"has-large-font-size wp-block-heading\">Amenazas a la calidad democr\u00e1tica en Am\u00e9rica Latina<\/h2>\n\n\n\n<p>El 2023 nos sit\u00faa frente a desaf\u00edos claves para Am\u00e9rica Latina. En el contexto econ\u00f3mico adverso a nivel global, marcado por la inflaci\u00f3n en niveles altos, las elecciones que se avecinan se vuelven decisivas ante la incertidumbre y el riesgo pol\u00edtico.<\/p>\n\n\n\n<p>Si bien son tres las elecciones generales fijadas en el calendario 2023 (Paraguay, Guatemala y Argentina), el a\u00f1o es la antesala de otras seis que se dar\u00e1n en el 2024, concretamente en El Salvador, Panam\u00e1, Rep\u00fablica Dominicana, Venezuela, M\u00e9xico y Uruguay.<\/p>\n\n\n\n<p>Adem\u00e1s, los ojos estar\u00e1n puestos en la fase inicial del gobierno de Lula en Brasil y en el primer a\u00f1o de gobierno de Petro en Colombia, en el segundo intento de reemplazar la Carta Fundamental en Chile, en las negociaciones entre el gobierno y oposici\u00f3n en Venezuela y sin dudas, en la crisis en Per\u00fa.<\/p>\n\n\n\n<figure class=\"wp-block-image size-large\"><img loading=\"lazy\" decoding=\"async\" width=\"1024\" height=\"683\" src=\"https:\/\/gicosta.com\/wp-content\/uploads\/2023\/03\/Paro_Nacional_19_de_enero_en_la_ciudad_de_Lima_08-1024x683.jpg\" alt=\"\" class=\"wp-image-177\" srcset=\"https:\/\/gicosta.com\/wp-content\/uploads\/2023\/03\/Paro_Nacional_19_de_enero_en_la_ciudad_de_Lima_08-1024x683.jpg 1024w, https:\/\/gicosta.com\/wp-content\/uploads\/2023\/03\/Paro_Nacional_19_de_enero_en_la_ciudad_de_Lima_08-300x200.jpg 300w, https:\/\/gicosta.com\/wp-content\/uploads\/2023\/03\/Paro_Nacional_19_de_enero_en_la_ciudad_de_Lima_08-768x512.jpg 768w, https:\/\/gicosta.com\/wp-content\/uploads\/2023\/03\/Paro_Nacional_19_de_enero_en_la_ciudad_de_Lima_08.jpg 1200w\" sizes=\"auto, (max-width: 1024px) 100vw, 1024px\" \/><figcaption class=\"wp-element-caption\">Paro Nacional en la Ciudad de Lima-Enero 2023<\/figcaption><\/figure>\n\n\n\n<p>El futuro inmediato se avizora complejo para la regi\u00f3n y en \u00e9l, se encienden alarmas de preocupaci\u00f3n por el deterioro democr\u00e1tico.<\/p>\n\n\n\n<p>La calidad democr\u00e1tica refiere a \u201cuna ordenaci\u00f3n institucional estable que a trav\u00e9s de instituciones y mecanismos que funcionan correctamente, realiza la libertad y la igualdad de los ciudadanos\u201d (Morlino, 2007, p. 5). Se trata as\u00ed de un r\u00e9gimen \u201campliamente legitimado\u201d, donde los ciudadanos se encuentren \u201cplenamente satisfechos\u201d y tienen posibilidad de controlar y evaluar la eficiente aplicaci\u00f3n de las normas vigentes.<\/p>\n\n\n\n<p>Al analizar la calidad democr\u00e1tica, debemos superar la tentaci\u00f3n de reducirla al mero mecanismo electoral donde predomina la selecci\u00f3n de \u00e9lites pol\u00edticas. Cuando el casi \u00fanico momento democr\u00e1tico es durante las elecciones, la democracia no es sino una democracia est\u00e1ndar. Peor a\u00fan cuando las mismas se ven manipuladas e influenciadas por estructuras clientelares.<\/p>\n\n\n\n<p>O\u2019Donell y Schmitter (1986) denominaron \u201cdemocraduras\u201d a los modelos donde al alzarse la mayor\u00eda con el poder, imponen unilateralmente su programa, controlando al mismo tiempo los medios de comunicaci\u00f3n y la justicia, con lo que se aseguran ser inamovibles en el poder.<\/p>\n\n\n\n<p>El imperio de la ley, el respeto a las instituciones, implica que se garanticen derechos e igualdades a los ciudadanos. En consecuencia, la ausencia de un sistema legal, donde se hallen \u00e1reas dominadas por organizaciones criminales, \u00edndices elevados de corrupci\u00f3n en las instituciones, una burocracia ineficiente y la dificultad en el acceso a la justicia, impactan en la calificaci\u00f3n para una \u201cbuena democracia\u201d.<\/p>\n\n\n\n<p>Si pretendemos dejar atr\u00e1s la limitada formalizaci\u00f3n de la democracia basada solamente en el sufragio, es imperante elevar los niveles de responsabilidad electoral y del ejercicio c\u00edvico permanente. No obstante, la responsabilidad ciudadana requiere informaci\u00f3n, el acto de asumir responsabilidades por parte de las autoridades y un tercer elemento, la sanci\u00f3n o la recompensa. Es en esta dimensi\u00f3n donde la comunicaci\u00f3n gubernamental se vuelve una exigencia a ser implementada como pol\u00edtica. Ya no podemos contemplar democracias de alta calidad sin el compromiso de transparencia, de informaci\u00f3n, de participaci\u00f3n y conversaci\u00f3n p\u00fablica, a\u00fan m\u00e1s cuando la tecnolog\u00eda pone a disposici\u00f3n de los gobiernos infinitas herramientas para efectivizarlo.<\/p>\n\n\n\n<p>Al igual que ocurre con el ejercicio ciudadano, el nivel de exigencia hacia el ejercicio de la oposici\u00f3n debe incrementarse. Esta no puede ce\u00f1irse exclusivamente al parlamento, sino que requiere la iniciativa de actividades diversas de evaluaci\u00f3n y control en espacios comunicativos como medios, y de intercambio y debate con instituciones de la sociedad civil.<\/p>\n\n\n\n<p>En un pa\u00eds donde los derechos sociales no se ven garantizados, donde la ciudadan\u00eda se ve desprotegida en situaciones cr\u00edticas por falta de acceso al sistema de salud, a la educaci\u00f3n, a la vivienda y a una alimentaci\u00f3n adecuada, no se vislumbra siquiera a lo lejos la voluntad pol\u00edtica para ampliar o profundizar en pol\u00edticas sociales y econ\u00f3micas que busquen disminuir las desigualdades existentes. Ahora bien, bajo el supuesto de que un pueblo consciente de sus necesidades cuenta de por s\u00ed con la potencialidad de evaluar la respuesta efectiva del Estado en relaci\u00f3n a estas demandas, se ve necesario profundizar en los fen\u00f3menos que desv\u00edan el camino del voto castigo.<\/p>\n\n\n\n<p>Es as\u00ed que, en un escenario en el cual los niveles de satisfacci\u00f3n en cuanto a la obtenci\u00f3n de beneficios del gobierno son bajas, pero al momento de las elecciones este recibe la recompensa de la mayor\u00eda, el protagonismo recae en un sistema clientelar y prebendario.<\/p>\n\n\n\n<p>Las red flags tambi\u00e9n son aplicables a los candidatos. No es concebible una democracia sin Estado de Derecho. Una democracia sin libertades no es democracia. Aquellos candidatos que demuestran verse tentados por reducir los mecanismos de control, por torcer las reglas y normas, por ocupar el Estado y sus instituciones sin contemplar el pluralismo y el respeto a las minor\u00edas y por instalar aparatos generadores de desinformaci\u00f3n, fake news y discursos de odio dan se\u00f1ales claras de que s\u00f3lo contribuir\u00edan a continuar con el retroceso democr\u00e1tico.<\/p>\n\n\n\n<p><strong>Referencias<\/strong><\/p>\n\n\n\n<p>Morlino, L. (2007). Explicar la calidad democr\u00e1tica: \u00bfQu\u00e9 tan relevantes son las tradiciones autoritarias?. Revista de Ciencia Pol\u00edtica. N\u00b0 2. pp. 3-22.<\/p>\n\n\n\n<p>O\u2019Donnell, G. y&nbsp; Schmitter, P. (1986). Transiciones desde un gobierno autoritario: Paid\u00f3s, Buenos Aires.<\/p>\n","protected":false},"excerpt":{"rendered":"<p>Amenazas a la calidad democr\u00e1tica en Am\u00e9rica Latina El 2023 nos sit\u00faa frente a desaf\u00edos claves para Am\u00e9rica Latina. En el contexto econ\u00f3mico adverso a nivel global, marcado por la inflaci\u00f3n en niveles altos, las elecciones que se avecinan se vuelven decisivas ante la incertidumbre y el riesgo pol\u00edtico. Si bien son tres las elecciones [&hellip;]<\/p>\n","protected":false},"author":1,"featured_media":0,"comment_status":"open","ping_status":"open","sticky":false,"template":"","format":"standard","meta":{"_joinchat":[],"footnotes":""},"categories":[1],"tags":[],"class_list":["post-176","post","type-post","status-publish","format-standard","hentry","category-uncategorized"],"yoast_head":"<!-- This site is optimized with the Yoast SEO plugin v27.4 - https:\/\/yoast.com\/product\/yoast-seo-wordpress\/ -->\n<title>Candidaturas 2023 y Red Flags Candidaturas 2023 y Red Flags<\/title>\n<meta name=\"description\" content=\"Columna de opini\u00f3n sobre democracia latinoamericana, calidad democr\u00e1tica, deterioro democr\u00e1tico y sus desaf\u00edos.\" \/>\n<meta name=\"robots\" content=\"index, follow, max-snippet:-1, max-image-preview:large, max-video-preview:-1\" \/>\n<link rel=\"canonical\" href=\"https:\/\/gicosta.com\/index.php\/2023\/03\/12\/candidaturas-2023-y-red-flags\/\" \/>\n<meta property=\"og:locale\" content=\"es_ES\" \/>\n<meta property=\"og:type\" content=\"article\" \/>\n<meta property=\"og:title\" content=\"Candidaturas 2023 y Red Flags Candidaturas 2023 y Red Flags\" \/>\n<meta property=\"og:description\" content=\"Columna de opini\u00f3n sobre democracia latinoamericana, calidad democr\u00e1tica, deterioro democr\u00e1tico y sus desaf\u00edos.\" \/>\n<meta property=\"og:url\" content=\"https:\/\/gicosta.com\/index.php\/2023\/03\/12\/candidaturas-2023-y-red-flags\/\" \/>\n<meta property=\"og:site_name\" content=\"Consultora Arconte\" \/>\n<meta property=\"article:published_time\" content=\"2023-03-12T10:12:31+00:00\" \/>\n<meta property=\"article:modified_time\" content=\"2023-03-12T10:33:28+00:00\" \/>\n<meta property=\"og:image\" content=\"http:\/\/gicosta.com\/wp-content\/uploads\/2023\/03\/Paro_Nacional_19_de_enero_en_la_ciudad_de_Lima_08-1024x683.jpg\" \/>\n<meta name=\"author\" content=\"admin\" \/>\n<meta name=\"twitter:card\" content=\"summary_large_image\" \/>\n<meta name=\"twitter:label1\" content=\"Escrito por\" \/>\n\t<meta name=\"twitter:data1\" content=\"admin\" \/>\n\t<meta name=\"twitter:label2\" content=\"Tiempo de lectura\" \/>\n\t<meta name=\"twitter:data2\" content=\"5 minutos\" \/>\n<script type=\"application\/ld+json\" class=\"yoast-schema-graph\">{\"@context\":\"https:\\\/\\\/schema.org\",\"@graph\":[{\"@type\":\"Article\",\"@id\":\"https:\\\/\\\/gicosta.com\\\/index.php\\\/2023\\\/03\\\/12\\\/candidaturas-2023-y-red-flags\\\/#article\",\"isPartOf\":{\"@id\":\"https:\\\/\\\/gicosta.com\\\/index.php\\\/2023\\\/03\\\/12\\\/candidaturas-2023-y-red-flags\\\/\"},\"author\":{\"name\":\"admin\",\"@id\":\"https:\\\/\\\/gicosta.com\\\/#\\\/schema\\\/person\\\/3c5a2eb157bcbdc53bdae79965fd2817\"},\"headline\":\"Candidaturas 2023 y Red Flags\",\"datePublished\":\"2023-03-12T10:12:31+00:00\",\"dateModified\":\"2023-03-12T10:33:28+00:00\",\"mainEntityOfPage\":{\"@id\":\"https:\\\/\\\/gicosta.com\\\/index.php\\\/2023\\\/03\\\/12\\\/candidaturas-2023-y-red-flags\\\/\"},\"wordCount\":908,\"commentCount\":0,\"publisher\":{\"@id\":\"https:\\\/\\\/gicosta.com\\\/#organization\"},\"image\":{\"@id\":\"https:\\\/\\\/gicosta.com\\\/index.php\\\/2023\\\/03\\\/12\\\/candidaturas-2023-y-red-flags\\\/#primaryimage\"},\"thumbnailUrl\":\"http:\\\/\\\/gicosta.com\\\/wp-content\\\/uploads\\\/2023\\\/03\\\/Paro_Nacional_19_de_enero_en_la_ciudad_de_Lima_08-1024x683.jpg\",\"articleSection\":[\"Uncategorized\"],\"inLanguage\":\"es\",\"potentialAction\":[{\"@type\":\"CommentAction\",\"name\":\"Comment\",\"target\":[\"https:\\\/\\\/gicosta.com\\\/index.php\\\/2023\\\/03\\\/12\\\/candidaturas-2023-y-red-flags\\\/#respond\"]}]},{\"@type\":\"WebPage\",\"@id\":\"https:\\\/\\\/gicosta.com\\\/index.php\\\/2023\\\/03\\\/12\\\/candidaturas-2023-y-red-flags\\\/\",\"url\":\"https:\\\/\\\/gicosta.com\\\/index.php\\\/2023\\\/03\\\/12\\\/candidaturas-2023-y-red-flags\\\/\",\"name\":\"Candidaturas 2023 y Red Flags Candidaturas 2023 y Red Flags\",\"isPartOf\":{\"@id\":\"https:\\\/\\\/gicosta.com\\\/#website\"},\"primaryImageOfPage\":{\"@id\":\"https:\\\/\\\/gicosta.com\\\/index.php\\\/2023\\\/03\\\/12\\\/candidaturas-2023-y-red-flags\\\/#primaryimage\"},\"image\":{\"@id\":\"https:\\\/\\\/gicosta.com\\\/index.php\\\/2023\\\/03\\\/12\\\/candidaturas-2023-y-red-flags\\\/#primaryimage\"},\"thumbnailUrl\":\"http:\\\/\\\/gicosta.com\\\/wp-content\\\/uploads\\\/2023\\\/03\\\/Paro_Nacional_19_de_enero_en_la_ciudad_de_Lima_08-1024x683.jpg\",\"datePublished\":\"2023-03-12T10:12:31+00:00\",\"dateModified\":\"2023-03-12T10:33:28+00:00\",\"description\":\"Columna de opini\u00f3n sobre democracia latinoamericana, calidad democr\u00e1tica, deterioro democr\u00e1tico y sus desaf\u00edos.\",\"breadcrumb\":{\"@id\":\"https:\\\/\\\/gicosta.com\\\/index.php\\\/2023\\\/03\\\/12\\\/candidaturas-2023-y-red-flags\\\/#breadcrumb\"},\"inLanguage\":\"es\",\"potentialAction\":[{\"@type\":\"ReadAction\",\"target\":[\"https:\\\/\\\/gicosta.com\\\/index.php\\\/2023\\\/03\\\/12\\\/candidaturas-2023-y-red-flags\\\/\"]}]},{\"@type\":\"ImageObject\",\"inLanguage\":\"es\",\"@id\":\"https:\\\/\\\/gicosta.com\\\/index.php\\\/2023\\\/03\\\/12\\\/candidaturas-2023-y-red-flags\\\/#primaryimage\",\"url\":\"https:\\\/\\\/gicosta.com\\\/wp-content\\\/uploads\\\/2023\\\/03\\\/Paro_Nacional_19_de_enero_en_la_ciudad_de_Lima_08.jpg\",\"contentUrl\":\"https:\\\/\\\/gicosta.com\\\/wp-content\\\/uploads\\\/2023\\\/03\\\/Paro_Nacional_19_de_enero_en_la_ciudad_de_Lima_08.jpg\",\"width\":1200,\"height\":800},{\"@type\":\"BreadcrumbList\",\"@id\":\"https:\\\/\\\/gicosta.com\\\/index.php\\\/2023\\\/03\\\/12\\\/candidaturas-2023-y-red-flags\\\/#breadcrumb\",\"itemListElement\":[{\"@type\":\"ListItem\",\"position\":1,\"name\":\"Portada\",\"item\":\"https:\\\/\\\/gicosta.com\\\/\"},{\"@type\":\"ListItem\",\"position\":2,\"name\":\"Candidaturas 2023 y Red Flags\"}]},{\"@type\":\"WebSite\",\"@id\":\"https:\\\/\\\/gicosta.com\\\/#website\",\"url\":\"https:\\\/\\\/gicosta.com\\\/\",\"name\":\"Consultora Arconte\",\"description\":\"Consultor\u00eda Pol\u00edtica y Estrat\u00e9gica\",\"publisher\":{\"@id\":\"https:\\\/\\\/gicosta.com\\\/#organization\"},\"potentialAction\":[{\"@type\":\"SearchAction\",\"target\":{\"@type\":\"EntryPoint\",\"urlTemplate\":\"https:\\\/\\\/gicosta.com\\\/?s={search_term_string}\"},\"query-input\":{\"@type\":\"PropertyValueSpecification\",\"valueRequired\":true,\"valueName\":\"search_term_string\"}}],\"inLanguage\":\"es\"},{\"@type\":\"Organization\",\"@id\":\"https:\\\/\\\/gicosta.com\\\/#organization\",\"name\":\"Consultora Arconte\",\"url\":\"https:\\\/\\\/gicosta.com\\\/\",\"logo\":{\"@type\":\"ImageObject\",\"inLanguage\":\"es\",\"@id\":\"https:\\\/\\\/gicosta.com\\\/#\\\/schema\\\/logo\\\/image\\\/\",\"url\":\"https:\\\/\\\/gicosta.com\\\/wp-content\\\/uploads\\\/2023\\\/01\\\/Diseno-sin-titulo-1.png\",\"contentUrl\":\"https:\\\/\\\/gicosta.com\\\/wp-content\\\/uploads\\\/2023\\\/01\\\/Diseno-sin-titulo-1.png\",\"width\":500,\"height\":500,\"caption\":\"Consultora Arconte\"},\"image\":{\"@id\":\"https:\\\/\\\/gicosta.com\\\/#\\\/schema\\\/logo\\\/image\\\/\"}},{\"@type\":\"Person\",\"@id\":\"https:\\\/\\\/gicosta.com\\\/#\\\/schema\\\/person\\\/3c5a2eb157bcbdc53bdae79965fd2817\",\"name\":\"admin\",\"image\":{\"@type\":\"ImageObject\",\"inLanguage\":\"es\",\"@id\":\"https:\\\/\\\/secure.gravatar.com\\\/avatar\\\/28f68091cac0071bf82939e50b60fda8548f5d86c6590d25c468c803301e0789?s=96&d=mm&r=g\",\"url\":\"https:\\\/\\\/secure.gravatar.com\\\/avatar\\\/28f68091cac0071bf82939e50b60fda8548f5d86c6590d25c468c803301e0789?s=96&d=mm&r=g\",\"contentUrl\":\"https:\\\/\\\/secure.gravatar.com\\\/avatar\\\/28f68091cac0071bf82939e50b60fda8548f5d86c6590d25c468c803301e0789?s=96&d=mm&r=g\",\"caption\":\"admin\"},\"sameAs\":[\"http:\\\/\\\/gicosta.com\"],\"url\":\"https:\\\/\\\/gicosta.com\\\/index.php\\\/author\\\/admin\\\/\"}]}<\/script>\n<!-- \/ Yoast SEO plugin. -->","yoast_head_json":{"title":"Candidaturas 2023 y Red Flags Candidaturas 2023 y Red Flags","description":"Columna de opini\u00f3n sobre democracia latinoamericana, calidad democr\u00e1tica, deterioro democr\u00e1tico y sus desaf\u00edos.","robots":{"index":"index","follow":"follow","max-snippet":"max-snippet:-1","max-image-preview":"max-image-preview:large","max-video-preview":"max-video-preview:-1"},"canonical":"https:\/\/gicosta.com\/index.php\/2023\/03\/12\/candidaturas-2023-y-red-flags\/","og_locale":"es_ES","og_type":"article","og_title":"Candidaturas 2023 y Red Flags Candidaturas 2023 y Red Flags","og_description":"Columna de opini\u00f3n sobre democracia latinoamericana, calidad democr\u00e1tica, deterioro democr\u00e1tico y sus desaf\u00edos.","og_url":"https:\/\/gicosta.com\/index.php\/2023\/03\/12\/candidaturas-2023-y-red-flags\/","og_site_name":"Consultora Arconte","article_published_time":"2023-03-12T10:12:31+00:00","article_modified_time":"2023-03-12T10:33:28+00:00","og_image":[{"url":"http:\/\/gicosta.com\/wp-content\/uploads\/2023\/03\/Paro_Nacional_19_de_enero_en_la_ciudad_de_Lima_08-1024x683.jpg","type":"","width":"","height":""}],"author":"admin","twitter_card":"summary_large_image","twitter_misc":{"Escrito por":"admin","Tiempo de lectura":"5 minutos"},"schema":{"@context":"https:\/\/schema.org","@graph":[{"@type":"Article","@id":"https:\/\/gicosta.com\/index.php\/2023\/03\/12\/candidaturas-2023-y-red-flags\/#article","isPartOf":{"@id":"https:\/\/gicosta.com\/index.php\/2023\/03\/12\/candidaturas-2023-y-red-flags\/"},"author":{"name":"admin","@id":"https:\/\/gicosta.com\/#\/schema\/person\/3c5a2eb157bcbdc53bdae79965fd2817"},"headline":"Candidaturas 2023 y Red Flags","datePublished":"2023-03-12T10:12:31+00:00","dateModified":"2023-03-12T10:33:28+00:00","mainEntityOfPage":{"@id":"https:\/\/gicosta.com\/index.php\/2023\/03\/12\/candidaturas-2023-y-red-flags\/"},"wordCount":908,"commentCount":0,"publisher":{"@id":"https:\/\/gicosta.com\/#organization"},"image":{"@id":"https:\/\/gicosta.com\/index.php\/2023\/03\/12\/candidaturas-2023-y-red-flags\/#primaryimage"},"thumbnailUrl":"http:\/\/gicosta.com\/wp-content\/uploads\/2023\/03\/Paro_Nacional_19_de_enero_en_la_ciudad_de_Lima_08-1024x683.jpg","articleSection":["Uncategorized"],"inLanguage":"es","potentialAction":[{"@type":"CommentAction","name":"Comment","target":["https:\/\/gicosta.com\/index.php\/2023\/03\/12\/candidaturas-2023-y-red-flags\/#respond"]}]},{"@type":"WebPage","@id":"https:\/\/gicosta.com\/index.php\/2023\/03\/12\/candidaturas-2023-y-red-flags\/","url":"https:\/\/gicosta.com\/index.php\/2023\/03\/12\/candidaturas-2023-y-red-flags\/","name":"Candidaturas 2023 y Red Flags Candidaturas 2023 y Red Flags","isPartOf":{"@id":"https:\/\/gicosta.com\/#website"},"primaryImageOfPage":{"@id":"https:\/\/gicosta.com\/index.php\/2023\/03\/12\/candidaturas-2023-y-red-flags\/#primaryimage"},"image":{"@id":"https:\/\/gicosta.com\/index.php\/2023\/03\/12\/candidaturas-2023-y-red-flags\/#primaryimage"},"thumbnailUrl":"http:\/\/gicosta.com\/wp-content\/uploads\/2023\/03\/Paro_Nacional_19_de_enero_en_la_ciudad_de_Lima_08-1024x683.jpg","datePublished":"2023-03-12T10:12:31+00:00","dateModified":"2023-03-12T10:33:28+00:00","description":"Columna de opini\u00f3n sobre democracia latinoamericana, calidad democr\u00e1tica, deterioro democr\u00e1tico y sus desaf\u00edos.","breadcrumb":{"@id":"https:\/\/gicosta.com\/index.php\/2023\/03\/12\/candidaturas-2023-y-red-flags\/#breadcrumb"},"inLanguage":"es","potentialAction":[{"@type":"ReadAction","target":["https:\/\/gicosta.com\/index.php\/2023\/03\/12\/candidaturas-2023-y-red-flags\/"]}]},{"@type":"ImageObject","inLanguage":"es","@id":"https:\/\/gicosta.com\/index.php\/2023\/03\/12\/candidaturas-2023-y-red-flags\/#primaryimage","url":"https:\/\/gicosta.com\/wp-content\/uploads\/2023\/03\/Paro_Nacional_19_de_enero_en_la_ciudad_de_Lima_08.jpg","contentUrl":"https:\/\/gicosta.com\/wp-content\/uploads\/2023\/03\/Paro_Nacional_19_de_enero_en_la_ciudad_de_Lima_08.jpg","width":1200,"height":800},{"@type":"BreadcrumbList","@id":"https:\/\/gicosta.com\/index.php\/2023\/03\/12\/candidaturas-2023-y-red-flags\/#breadcrumb","itemListElement":[{"@type":"ListItem","position":1,"name":"Portada","item":"https:\/\/gicosta.com\/"},{"@type":"ListItem","position":2,"name":"Candidaturas 2023 y Red Flags"}]},{"@type":"WebSite","@id":"https:\/\/gicosta.com\/#website","url":"https:\/\/gicosta.com\/","name":"Consultora Arconte","description":"Consultor\u00eda Pol\u00edtica y Estrat\u00e9gica","publisher":{"@id":"https:\/\/gicosta.com\/#organization"},"potentialAction":[{"@type":"SearchAction","target":{"@type":"EntryPoint","urlTemplate":"https:\/\/gicosta.com\/?s={search_term_string}"},"query-input":{"@type":"PropertyValueSpecification","valueRequired":true,"valueName":"search_term_string"}}],"inLanguage":"es"},{"@type":"Organization","@id":"https:\/\/gicosta.com\/#organization","name":"Consultora Arconte","url":"https:\/\/gicosta.com\/","logo":{"@type":"ImageObject","inLanguage":"es","@id":"https:\/\/gicosta.com\/#\/schema\/logo\/image\/","url":"https:\/\/gicosta.com\/wp-content\/uploads\/2023\/01\/Diseno-sin-titulo-1.png","contentUrl":"https:\/\/gicosta.com\/wp-content\/uploads\/2023\/01\/Diseno-sin-titulo-1.png","width":500,"height":500,"caption":"Consultora Arconte"},"image":{"@id":"https:\/\/gicosta.com\/#\/schema\/logo\/image\/"}},{"@type":"Person","@id":"https:\/\/gicosta.com\/#\/schema\/person\/3c5a2eb157bcbdc53bdae79965fd2817","name":"admin","image":{"@type":"ImageObject","inLanguage":"es","@id":"https:\/\/secure.gravatar.com\/avatar\/28f68091cac0071bf82939e50b60fda8548f5d86c6590d25c468c803301e0789?s=96&d=mm&r=g","url":"https:\/\/secure.gravatar.com\/avatar\/28f68091cac0071bf82939e50b60fda8548f5d86c6590d25c468c803301e0789?s=96&d=mm&r=g","contentUrl":"https:\/\/secure.gravatar.com\/avatar\/28f68091cac0071bf82939e50b60fda8548f5d86c6590d25c468c803301e0789?s=96&d=mm&r=g","caption":"admin"},"sameAs":["http:\/\/gicosta.com"],"url":"https:\/\/gicosta.com\/index.php\/author\/admin\/"}]}},"_links":{"self":[{"href":"https:\/\/gicosta.com\/index.php\/wp-json\/wp\/v2\/posts\/176","targetHints":{"allow":["GET"]}}],"collection":[{"href":"https:\/\/gicosta.com\/index.php\/wp-json\/wp\/v2\/posts"}],"about":[{"href":"https:\/\/gicosta.com\/index.php\/wp-json\/wp\/v2\/types\/post"}],"author":[{"embeddable":true,"href":"https:\/\/gicosta.com\/index.php\/wp-json\/wp\/v2\/users\/1"}],"replies":[{"embeddable":true,"href":"https:\/\/gicosta.com\/index.php\/wp-json\/wp\/v2\/comments?post=176"}],"version-history":[{"count":3,"href":"https:\/\/gicosta.com\/index.php\/wp-json\/wp\/v2\/posts\/176\/revisions"}],"predecessor-version":[{"id":187,"href":"https:\/\/gicosta.com\/index.php\/wp-json\/wp\/v2\/posts\/176\/revisions\/187"}],"wp:attachment":[{"href":"https:\/\/gicosta.com\/index.php\/wp-json\/wp\/v2\/media?parent=176"}],"wp:term":[{"taxonomy":"category","embeddable":true,"href":"https:\/\/gicosta.com\/index.php\/wp-json\/wp\/v2\/categories?post=176"},{"taxonomy":"post_tag","embeddable":true,"href":"https:\/\/gicosta.com\/index.php\/wp-json\/wp\/v2\/tags?post=176"}],"curies":[{"name":"wp","href":"https:\/\/api.w.org\/{rel}","templated":true}]}}